{"id":5914,"date":"2024-05-29T10:19:32","date_gmt":"2024-05-29T07:19:32","guid":{"rendered":"https:\/\/www.itukylat.fi\/?p=5914"},"modified":"2024-05-29T10:21:51","modified_gmt":"2024-05-29T07:21:51","slug":"oppna-byar-dagen-som-firar-sitt-10-arsjubileum-bjuder-in","status":"publish","type":"post","link":"https:\/\/www.itukylat.fi\/sv\/blog\/oppna-byar-dagen-som-firar-sitt-10-arsjubileum-bjuder-in\/","title":{"rendered":"\u00d6ppna Byar -dagen, som firar sitt 10-\u00e5rsjubileum, bjuder in"},"content":{"rendered":"<p>\u00d6ppna Byar -dagen, som firar sitt 10-\u00e5rsjubileum, bjuder in till byarna \u2013 mer \u00e4n tio bes\u00f6ksm\u00e5l p\u00e5 SILMU-byars omr\u00e5de<\/p>\n<p>&nbsp;<\/p>\n<p>\u00d6ppna byars dag ordnas nationellt f\u00f6r tionde g\u00e5ngen den 8 juni. Evenemangen \u00e4r fulla av lokal kultur, gemenskap och byaliv och samlar n\u00e4stan 150 000 bes\u00f6kare i hela Finland. Dagen uppmuntrar till \u00e4ventyr i byarna och introducerar samtidigt bes\u00f6karna till byarnas m\u00e5ngsidiga gemensamma aktiviteter. F\u00f6r n\u00e4rvarande finns det n\u00e4stan 600 olika objekt p\u00e5 kartan.<\/p>\n<p>&nbsp;<\/p>\n<p>Med fr\u00e5n SILMU-byars verksamhetsomr\u00e5de \u00e4r f\u00f6ljande byar:<\/p>\n<p>Askola: Juornaankyl\u00e4 och Monninkyl\u00e4<\/p>\n<p>Lapptr\u00e4sk: Kimob\u00f6le<\/p>\n<p>Lovisa: K\u00f6pbacka, Pitk\u00e4p\u00e4\u00e4, Sarfsal\u00f6 och Valkom<\/p>\n<p>M\u00f6rskom: Kankb\u00f6le<\/p>\n<p>M\u00e4nts\u00e4l\u00e4: M\u00e4nts\u00e4l\u00e4n Pit\u00e4j\u00e4ntupa<\/p>\n<p>Borg\u00e5: Emsal\u00f6, Kr\u00e5k\u00f6, och Pellinge<\/p>\n<p>Pukkila: Kirkonkyl\u00e4<\/p>\n<p>&nbsp;<\/p>\n<p>P\u00e5 \u00d6ppna byar -dagen \u00f6ppnar byarna sina d\u00f6rrar och ordnar m\u00e5ngsidigt program. Under dagen bjuds det p\u00e5 cruising, konst p\u00e5 klippor, byatrygghet samt traditionella sommarmarknader och byadagar.<\/p>\n<p>Evenemang, adresser och tider: <a href=\"http:\/\/www.avoimetkylat.fi\">www.avoimetkylat.fi<\/a><\/p>\n<p>&nbsp;<\/p>\n<p>Kontakt: Li-Marie Santala, byar\u00e5dgivare, 0401588038 tai li-marie.santala@silmu.info<\/p>\n","protected":false},"excerpt":{"rendered":"<p>\u00d6ppna Byar -dagen, som firar sitt 10-\u00e5rsjubileum, bjuder in till byarna \u2013 mer \u00e4n tio bes\u00f6ksm\u00e5l p\u00e5 SILMU-byars omr\u00e5de &nbsp; \u00d6ppna byars dag ordnas nationellt f\u00f6r tionde g\u00e5ngen den 8 juni. Evenemangen \u00e4r fulla av lokal kultur, gemenskap och byaliv och samlar n\u00e4stan 150 000 bes\u00f6kare i hela Finland. Dagen uppmuntrar till \u00e4ventyr i byarna [&hellip;]<\/p>\n","protected":false},"author":2,"featured_media":5906,"comment_status":"closed","ping_status":"closed","sticky":false,"template":"","format":"standard","meta":{"footnotes":""},"categories":[17,12,58,56,163,63],"tags":[],"class_list":["post-5914","post","type-post","status-publish","format-standard","has-post-thumbnail","hentry","category-aktuellt-fi","category-allman-sv","category-byar","category-byaverksamhet","category-kultur","category-oppna-byar"],"_links":{"self":[{"href":"https:\/\/www.itukylat.fi\/sv\/wp-json\/wp\/v2\/posts\/5914","targetHints":{"allow":["GET"]}}],"collection":[{"href":"https:\/\/www.itukylat.fi\/sv\/wp-json\/wp\/v2\/posts"}],"about":[{"href":"https:\/\/www.itukylat.fi\/sv\/wp-json\/wp\/v2\/types\/post"}],"author":[{"embeddable":true,"href":"https:\/\/www.itukylat.fi\/sv\/wp-json\/wp\/v2\/users\/2"}],"replies":[{"embeddable":true,"href":"https:\/\/www.itukylat.fi\/sv\/wp-json\/wp\/v2\/comments?post=5914"}],"version-history":[{"count":3,"href":"https:\/\/www.itukylat.fi\/sv\/wp-json\/wp\/v2\/posts\/5914\/revisions"}],"predecessor-version":[{"id":5917,"href":"https:\/\/www.itukylat.fi\/sv\/wp-json\/wp\/v2\/posts\/5914\/revisions\/5917"}],"wp:featuredmedia":[{"embeddable":true,"href":"https:\/\/www.itukylat.fi\/sv\/wp-json\/wp\/v2\/media\/5906"}],"wp:attachment":[{"href":"https:\/\/www.itukylat.fi\/sv\/wp-json\/wp\/v2\/media?parent=5914"}],"wp:term":[{"taxonomy":"category","embeddable":true,"href":"https:\/\/www.itukylat.fi\/sv\/wp-json\/wp\/v2\/categories?post=5914"},{"taxonomy":"post_tag","embeddable":true,"href":"https:\/\/www.itukylat.fi\/sv\/wp-json\/wp\/v2\/tags?post=5914"}],"curies":[{"name":"wp","href":"https:\/\/api.w.org\/{rel}","templated":true}]}}