{"id":5627,"date":"2023-11-24T09:18:16","date_gmt":"2023-11-24T07:18:16","guid":{"rendered":"https:\/\/www.itukylat.fi\/?p=5627"},"modified":"2023-11-24T09:18:16","modified_gmt":"2023-11-24T07:18:16","slug":"ocksa-byar-fran-ostnyland-ar-med-i-oppna-julbyar","status":"publish","type":"post","link":"https:\/\/www.itukylat.fi\/sv\/blog\/ocksa-byar-fran-ostnyland-ar-med-i-oppna-julbyar\/","title":{"rendered":"Ocks\u00e5 byar fr\u00e5n \u00d6stnyland \u00e4r med i \u00d6ppna Julbyar"},"content":{"rendered":"<p>\u00d6ppna julbyar, som ordnas f\u00f6r andra g\u00e5ngen, har samlat 400 anm\u00e4lda evenemang. Tanken med konceptet \u00d6ppna julbyar \u00e4r att skapa synlighet f\u00f6r byar och byaf\u00f6reningsevenemang, samtidigt som man lockar bes\u00f6kare till julbyarna och lyfter fram byarnas m\u00e5ngsidiga verksamhet. Evenemang sker alla landskap i Finland.<\/p>\n<p>Fr\u00e5n SILMU-byars verksamhetsomr\u00e5de deltar Nickby, Gumbostrand-V\u00e4sterskog, Kullo, Vess\u00f6, Pellinge och Pern\u00e5 med tv\u00e5 evenemang.<\/p>\n<p>&nbsp;<\/p>\n<p>Det kommer \u00e5terigen att finnas julmarknader och basarer, juls\u00e5ngsevenemang, tomtestigar och ljusprocessioner. Julbyarna ordnas under hela november och december, s\u00e5 du kan f\u00e5 julst\u00e4mning, delikatesser till julborden och julklappar under granarna fr\u00e5n hundratals olika byar under hela juls\u00e4songen, &#8211; s\u00e4ger Marianne Liitel\u00e4, organisationskoordinator f\u00f6r Finlands Byar och ansvarig f\u00f6r evenemanget.<\/p>\n<p>&nbsp;<\/p>\n<p>\u00d6ppna julbyar samlar julevenemang som ordnas av byaf\u00f6reningar eller motsvarande f\u00f6reningar p\u00e5 en och samma evenemangskarta. P\u00e5 kartan kan du se julevenemang som finns i n\u00e4rheten eller l\u00e4ngs v\u00e4gen. Alla rapporterade h\u00e4ndelser finns p\u00e5 <a href=\"http:\/\/www.suomenkylat.fi\/avoimetjoulukylat\">www.suomenkylat.fi\/avoimetjoulukylat<\/a><\/p>\n<p>\u00d6ppna julbyar \u00e4r ett gemensamt evenemang som ordnas av byar i Finland och byalag i l\u00e4nen runt om i Finland. Byarna som ordnar julevenemang har f\u00e5tt logotypen f\u00f6r \u00d6ppna julbyar samt olika f\u00e4rdiga illustrationer och reklammallar som st\u00f6d f\u00f6r marknadsf\u00f6ringen av evenemanget.<\/p>\n<p>Evenemanget \u00d6ppna julbyar, som ordnades f\u00f6r f\u00f6rsta g\u00e5ngen 2022, omfattade 297 julevenemang och hade uppskattningsvis 51 000 bes\u00f6kare. I \u00e5r f\u00f6rv\u00e4ntas tillv\u00e4xten och Julbyarna etablerar sig som de finska byarnas \u00e5rliga evenemang.<\/p>\n<p><strong>\u00a0<\/strong><\/p>\n<p>Till\u00e4ggsinformation<\/p>\n<p>Marianne Liitel\u00e4, organisationssamordnare och koordinator f\u00f6r evenemanget \u00d6ppna julbyar<\/p>\n<p>Tel. 045 887 1511, marianne.liitela@suomenkylat.fi<\/p>\n<p>&nbsp;<\/p>\n<p><a href=\"https:\/\/www.itukylat.fi\/wp-content\/uploads\/2023\/11\/Kopio-Oppna-Julbyar-fb-kansi.png\"><img loading=\"lazy\" decoding=\"async\" class=\"alignnone  wp-image-5625\" src=\"https:\/\/www.itukylat.fi\/wp-content\/uploads\/2023\/11\/Kopio-Oppna-Julbyar-fb-kansi-1024x577.png\" alt=\"\" width=\"658\" height=\"371\" data-id=\"5625\" srcset=\"https:\/\/www.itukylat.fi\/wp-content\/uploads\/2023\/11\/Kopio-Oppna-Julbyar-fb-kansi-1024x577.png 1024w, https:\/\/www.itukylat.fi\/wp-content\/uploads\/2023\/11\/Kopio-Oppna-Julbyar-fb-kansi-300x169.png 300w, https:\/\/www.itukylat.fi\/wp-content\/uploads\/2023\/11\/Kopio-Oppna-Julbyar-fb-kansi-768x433.png 768w, https:\/\/www.itukylat.fi\/wp-content\/uploads\/2023\/11\/Kopio-Oppna-Julbyar-fb-kansi-1536x865.png 1536w, https:\/\/www.itukylat.fi\/wp-content\/uploads\/2023\/11\/Kopio-Oppna-Julbyar-fb-kansi.png 1640w\" sizes=\"auto, (max-width: 658px) 100vw, 658px\" \/><\/a><\/p>\n<p>&nbsp;<\/p>\n","protected":false},"excerpt":{"rendered":"<p>\u00d6ppna julbyar, som ordnas f\u00f6r andra g\u00e5ngen, har samlat 400 anm\u00e4lda evenemang. Tanken med konceptet \u00d6ppna julbyar \u00e4r att skapa synlighet f\u00f6r byar och byaf\u00f6reningsevenemang, samtidigt som man lockar bes\u00f6kare till julbyarna och lyfter fram byarnas m\u00e5ngsidiga verksamhet. Evenemang sker alla landskap i Finland. Fr\u00e5n SILMU-byars verksamhetsomr\u00e5de deltar Nickby, Gumbostrand-V\u00e4sterskog, Kullo, Vess\u00f6, Pellinge och Pern\u00e5 [&hellip;]<\/p>\n","protected":false},"author":2,"featured_media":5571,"comment_status":"closed","ping_status":"closed","sticky":false,"template":"","format":"standard","meta":{"footnotes":""},"categories":[17,214],"tags":[215],"class_list":["post-5627","post","type-post","status-publish","format-standard","has-post-thumbnail","hentry","category-aktuellt-fi","category-julbyar","tag-oppna-julbyar"],"_links":{"self":[{"href":"https:\/\/www.itukylat.fi\/sv\/wp-json\/wp\/v2\/posts\/5627","targetHints":{"allow":["GET"]}}],"collection":[{"href":"https:\/\/www.itukylat.fi\/sv\/wp-json\/wp\/v2\/posts"}],"about":[{"href":"https:\/\/www.itukylat.fi\/sv\/wp-json\/wp\/v2\/types\/post"}],"author":[{"embeddable":true,"href":"https:\/\/www.itukylat.fi\/sv\/wp-json\/wp\/v2\/users\/2"}],"replies":[{"embeddable":true,"href":"https:\/\/www.itukylat.fi\/sv\/wp-json\/wp\/v2\/comments?post=5627"}],"version-history":[{"count":3,"href":"https:\/\/www.itukylat.fi\/sv\/wp-json\/wp\/v2\/posts\/5627\/revisions"}],"predecessor-version":[{"id":5630,"href":"https:\/\/www.itukylat.fi\/sv\/wp-json\/wp\/v2\/posts\/5627\/revisions\/5630"}],"wp:featuredmedia":[{"embeddable":true,"href":"https:\/\/www.itukylat.fi\/sv\/wp-json\/wp\/v2\/media\/5571"}],"wp:attachment":[{"href":"https:\/\/www.itukylat.fi\/sv\/wp-json\/wp\/v2\/media?parent=5627"}],"wp:term":[{"taxonomy":"category","embeddable":true,"href":"https:\/\/www.itukylat.fi\/sv\/wp-json\/wp\/v2\/categories?post=5627"},{"taxonomy":"post_tag","embeddable":true,"href":"https:\/\/www.itukylat.fi\/sv\/wp-json\/wp\/v2\/tags?post=5627"}],"curies":[{"name":"wp","href":"https:\/\/api.w.org\/{rel}","templated":true}]}}