{"id":4988,"date":"2022-04-07T11:32:01","date_gmt":"2022-04-07T08:32:01","guid":{"rendered":"https:\/\/www.itukylat.fi\/?p=4988"},"modified":"2022-04-07T11:32:01","modified_gmt":"2022-04-07T08:32:01","slug":"nu-kan-byar-anmala-sig-med-till-det-nationella-evenemanget","status":"publish","type":"post","link":"https:\/\/www.itukylat.fi\/sv\/blog\/nu-kan-byar-anmala-sig-med-till-det-nationella-evenemanget\/","title":{"rendered":"Nu kan byar anm\u00e4la sig med till det nationella evenemanget"},"content":{"rendered":"<p>\u00d6ppna Byar -dagen \u00e4r ett nationellt evenemang som h\u00e5lls l\u00f6rdagen den 11 juni i \u00e5r. Syftet med dagen \u00e4r att \u00f6ka medvetenheten om byaverksamheten, visa upp byarnas olika aktiviteter, fira k\u00e4nslan av gemenskap och f\u00e5 en fin start p\u00e5 sommaren.<\/p>\n<p>Med totalt 100 000 bes\u00f6kare \u00e4r \u00d6ppna Byar -dagen nationellt sommarens mest bes\u00f6kta offentliga evenemang under en dag och antalet deltagare i enskilda evenemang varierar fr\u00e5n tio till mer \u00e4n 1 000 bes\u00f6kare. De vanligaste evenemangen \u00e4r marknader torg, talkon, sommarcaf\u00e9er och olika evenemang som presenterar hembygden eller kultur. I m\u00e5nga byar fungerar \u00d6ppna Byar evenemanget som \u00f6ppning av sommars\u00e4songen, d\u00e5 t. ex. \u00a0torget eller ett sommarcaf\u00e9 har \u00f6ppet f\u00f6r f\u00f6rsta g\u00e5ngen.<\/p>\n<p>\u2013 Det har alltid deltagit m\u00e5nga byar fr\u00e5n v\u00e5rt omr\u00e5de i den h\u00e4r evenemangsdagen. Jag ser verkligen fram emot sommarens \u00d6ppna Byar -dag eftersom byarna \u00e4ntligen har m\u00f6jlighet att arrangera ett ordentligt sommarkalas. Det kan ju h\u00e4nda att det till och med blir nytt deltagarrekord! Vi ska ocks\u00e5 ut p\u00e5 en road trip tillsammans med medlemmar fr\u00e5n byasektionen och vi har som avsikt att bes\u00f6ka s\u00e5 m\u00e5nga evenemang som m\u00f6jligt under l\u00f6rdagen, ber\u00e4ttar byar\u00e5dgivaren Li-Marie Santala entusiastiskt.<\/p>\n<p>Ansvaret f\u00f6r byns \u00d6ppna Byar evenemang innehas ofta av byaf\u00f6reningen, men evenemangen arrangeras gemensamt av alla inv\u00e5nare, f\u00f6reningar och f\u00f6retag i byn<\/p>\n<p>Anm\u00e4lan till evenemangsarrang\u00f6r p\u00e5 omr\u00e5det Askola, Borgn\u00e4s, Borg\u00e5, Lapptr\u00e4sk, Lovisa, M\u00e4nts\u00e4l\u00e4, M\u00f6rskom, Pukkila och Sibbo senast i slutet av maj. Anm\u00e4ningar tas emot <a href=\"https:\/\/forms.office.com\/Pages\/ResponsePage.aspx?id=ssVYeyTFxkKdmyRGaHs4vFHO5n9eS-ZLsEZo5dSWXB1UNFFPNjEzM0ExRVZaMk1DV0Q5UThQUjk0RS4u\">med blankett<\/a>.<\/p>\n<p>Till\u00e4ggsinformation:<\/p>\n<p>SILMU-byars byar\u00e5dgivare Li-Marie Santala, 040 1588 038, <a href=\"mailto:li-marie.santala@silmu.info\">li-marie.santala@silmu.info<\/a><\/p>\n<p><a href=\"https:\/\/www.itukylat.fi\/sv\/\">SILMU-kyl\u00e4t | SILMU-byar | SILMU-kyl\u00e4t kyl\u00e4sivusto (itukylat.fi)<\/a><\/p>\n<p><a href=\"https:\/\/avoimetkylat.fi\/\">Avoimet Kyl\u00e4t \u2013 11.6.2022 \u2013 Kaikki tiet viev\u00e4t kylille #AvoimetKyl\u00e4t #TeeSeKylill\u00e4 (avoimetkylat.fi)<\/a><\/p>\n<p><a href=\"https:\/\/www.itukylat.fi\/wp-content\/uploads\/2022\/03\/AK-2022-some-ruo.png\"><img loading=\"lazy\" decoding=\"async\" class=\"alignnone size-full wp-image-4965\" src=\"https:\/\/www.itukylat.fi\/wp-content\/uploads\/2022\/03\/AK-2022-some-ruo.png\" alt=\"\" width=\"940\" height=\"788\" data-id=\"4965\" srcset=\"https:\/\/www.itukylat.fi\/wp-content\/uploads\/2022\/03\/AK-2022-some-ruo.png 940w, https:\/\/www.itukylat.fi\/wp-content\/uploads\/2022\/03\/AK-2022-some-ruo-300x251.png 300w, https:\/\/www.itukylat.fi\/wp-content\/uploads\/2022\/03\/AK-2022-some-ruo-768x644.png 768w\" sizes=\"auto, (max-width: 940px) 100vw, 940px\" \/><\/a><\/p>\n<p>&nbsp;<\/p>\n","protected":false},"excerpt":{"rendered":"<p>\u00d6ppna Byar -dagen \u00e4r ett nationellt evenemang som h\u00e5lls l\u00f6rdagen den 11 juni i \u00e5r. Syftet med dagen \u00e4r att \u00f6ka medvetenheten om byaverksamheten, visa upp byarnas olika aktiviteter, fira k\u00e4nslan av gemenskap och f\u00e5 en fin start p\u00e5 sommaren. Med totalt 100 000 bes\u00f6kare \u00e4r \u00d6ppna Byar -dagen nationellt sommarens mest bes\u00f6kta offentliga evenemang [&hellip;]<\/p>\n","protected":false},"author":2,"featured_media":4965,"comment_status":"closed","ping_status":"closed","sticky":false,"template":"","format":"standard","meta":{"footnotes":""},"categories":[17,12,58,56,163,63],"tags":[195],"class_list":["post-4988","post","type-post","status-publish","format-standard","has-post-thumbnail","hentry","category-aktuellt-fi","category-allman-sv","category-byar","category-byaverksamhet","category-kultur","category-oppna-byar","tag-oppna-byar"],"_links":{"self":[{"href":"https:\/\/www.itukylat.fi\/sv\/wp-json\/wp\/v2\/posts\/4988","targetHints":{"allow":["GET"]}}],"collection":[{"href":"https:\/\/www.itukylat.fi\/sv\/wp-json\/wp\/v2\/posts"}],"about":[{"href":"https:\/\/www.itukylat.fi\/sv\/wp-json\/wp\/v2\/types\/post"}],"author":[{"embeddable":true,"href":"https:\/\/www.itukylat.fi\/sv\/wp-json\/wp\/v2\/users\/2"}],"replies":[{"embeddable":true,"href":"https:\/\/www.itukylat.fi\/sv\/wp-json\/wp\/v2\/comments?post=4988"}],"version-history":[{"count":1,"href":"https:\/\/www.itukylat.fi\/sv\/wp-json\/wp\/v2\/posts\/4988\/revisions"}],"predecessor-version":[{"id":4989,"href":"https:\/\/www.itukylat.fi\/sv\/wp-json\/wp\/v2\/posts\/4988\/revisions\/4989"}],"wp:featuredmedia":[{"embeddable":true,"href":"https:\/\/www.itukylat.fi\/sv\/wp-json\/wp\/v2\/media\/4965"}],"wp:attachment":[{"href":"https:\/\/www.itukylat.fi\/sv\/wp-json\/wp\/v2\/media?parent=4988"}],"wp:term":[{"taxonomy":"category","embeddable":true,"href":"https:\/\/www.itukylat.fi\/sv\/wp-json\/wp\/v2\/categories?post=4988"},{"taxonomy":"post_tag","embeddable":true,"href":"https:\/\/www.itukylat.fi\/sv\/wp-json\/wp\/v2\/tags?post=4988"}],"curies":[{"name":"wp","href":"https:\/\/api.w.org\/{rel}","templated":true}]}}