{"id":4089,"date":"2020-09-29T18:30:59","date_gmt":"2020-09-29T15:30:59","guid":{"rendered":"https:\/\/www.itukylat.fi\/?p=4089"},"modified":"2020-09-29T13:31:12","modified_gmt":"2020-09-29T10:31:12","slug":"arets-byabedrift-utmarkelsen-gick-enhalligt-till-aktorer-i-byn-ohkola-i-mantsala","status":"publish","type":"post","link":"https:\/\/www.itukylat.fi\/sv\/blog\/arets-byabedrift-utmarkelsen-gick-enhalligt-till-aktorer-i-byn-ohkola-i-mantsala\/","title":{"rendered":"\u00c5rets byabedrift \u2013utm\u00e4rkelsen gick enh\u00e4lligt till akt\u00f6rer i byn Ohkola i M\u00e4nts\u00e4l\u00e4"},"content":{"rendered":"<p>\u00c5rets Byabedrift 2020 valdes bland en m\u00e4ngd goda f\u00f6rslag och vinnarna \u00e4r Ohkola skolas f\u00f6r\u00e4ldrar\u00e5d och idrottsf\u00f6reningen Ohkolan Oka ry tillsammans. Akt\u00f6rerna f\u00f6rvekligade ett samh\u00e4lleligt projekt med vilket man f\u00f6rnyade skolans g\u00e5rdsplan till en plats d\u00e4r alla kan m\u00f6tas. Renoveringsprojektet var hela byns gemensamma satsning.<\/p>\n<p>Kati Kottula-Etuaro, som basade f\u00f6r projektet, konstaterar: \u201dOhkola \u00e4r k\u00e4nt f\u00f6r sin gemenskap och talkoanda, men det h\u00e4r stora gemensamma projektet sammanf\u00f6rde byborna p\u00e5 ett helt nytt s\u00e4tt. Skolan finns verkligen till f\u00f6r hela byn och nu tj\u00e4nar g\u00e5rdsplanen alla, allt fr\u00e5n sm\u00e5barn till \u00e4ldre personer. Tack vare gemensamheten i byn!\u201d<\/p>\n<p>P\u00e5 skolans g\u00e5rdsplan finns nu alltm\u00f6jligt fr\u00e5n babygungor till multimotionsredskap f\u00f6r vuxna. Upprustningen av g\u00e5rden finansierades\u00a0 med medel av byns f\u00f6reningar, f\u00f6retag och enskilda personer samt med Leader \u2013finansiering.<\/p>\n<p>Man kan l\u00e4sa mer om projektet och lekplatsens \u00f6ppningsfest i byns egen tidning Ohkolan kyl\u00e4sanomat (nr 99 september-november 2020).<\/p>\n<p>L\u00e4nk till tidningen i PDF format\u00a0 <a href=\"https:\/\/bit.ly\/3iTaf6y\">https:\/\/bit.ly\/3iTaf6y<\/a><\/p>\n<p>Byns Facebooksida\u00a0<a href=\"https:\/\/www.facebook.com\/ohkolankyla\/\">https:\/\/www.facebook.com\/ohkolankyla\/<\/a><\/p>\n<p>&nbsp;<\/p>\n<div id=\"attachment_4083\" style=\"width: 853px\" class=\"wp-caption alignleft\"><a href=\"https:\/\/www.itukylat.fi\/wp-content\/uploads\/2020\/09\/Ohkolan-koulun-leikkipihan-talkoot-2020_kuva-Kati-Kottila-Eturaro.jpg\"><img loading=\"lazy\" decoding=\"async\" aria-describedby=\"caption-attachment-4083\" class=\" wp-image-4083\" src=\"https:\/\/www.itukylat.fi\/wp-content\/uploads\/2020\/09\/Ohkolan-koulun-leikkipihan-talkoot-2020_kuva-Kati-Kottila-Eturaro-300x225.jpg\" alt=\"\" width=\"843\" height=\"632\" data-id=\"4083\" srcset=\"https:\/\/www.itukylat.fi\/wp-content\/uploads\/2020\/09\/Ohkolan-koulun-leikkipihan-talkoot-2020_kuva-Kati-Kottila-Eturaro-300x225.jpg 300w, https:\/\/www.itukylat.fi\/wp-content\/uploads\/2020\/09\/Ohkolan-koulun-leikkipihan-talkoot-2020_kuva-Kati-Kottila-Eturaro-1024x768.jpg 1024w, https:\/\/www.itukylat.fi\/wp-content\/uploads\/2020\/09\/Ohkolan-koulun-leikkipihan-talkoot-2020_kuva-Kati-Kottila-Eturaro-768x576.jpg 768w, https:\/\/www.itukylat.fi\/wp-content\/uploads\/2020\/09\/Ohkolan-koulun-leikkipihan-talkoot-2020_kuva-Kati-Kottila-Eturaro-1536x1152.jpg 1536w, https:\/\/www.itukylat.fi\/wp-content\/uploads\/2020\/09\/Ohkolan-koulun-leikkipihan-talkoot-2020_kuva-Kati-Kottila-Eturaro-2048x1536.jpg 2048w\" sizes=\"auto, (max-width: 843px) 100vw, 843px\" \/><\/a><p id=\"caption-attachment-4083\" class=\"wp-caption-text\">Ohkolan koulun leikkipihan talkoot 2020_kuva Kati Kottila-Eturaro<\/p><\/div>\n","protected":false},"excerpt":{"rendered":"<p>\u00c5rets Byabedrift 2020 valdes bland en m\u00e4ngd goda f\u00f6rslag och vinnarna \u00e4r Ohkola skolas f\u00f6r\u00e4ldrar\u00e5d och idrottsf\u00f6reningen Ohkolan Oka ry tillsammans. Akt\u00f6rerna f\u00f6rvekligade ett samh\u00e4lleligt projekt med vilket man f\u00f6rnyade skolans g\u00e5rdsplan till en plats d\u00e4r alla kan m\u00f6tas. Renoveringsprojektet var hela byns gemensamma satsning. Kati Kottula-Etuaro, som basade f\u00f6r projektet, konstaterar: \u201dOhkola \u00e4r k\u00e4nt [&hellip;]<\/p>\n","protected":false},"author":2,"featured_media":4085,"comment_status":"closed","ping_status":"closed","sticky":false,"template":"","format":"standard","meta":{"footnotes":""},"categories":[17,12,58,56,57],"tags":[147,146],"class_list":["post-4089","post","type-post","status-publish","format-standard","has-post-thumbnail","hentry","category-aktuellt-fi","category-allman-sv","category-byar","category-byaverksamhet","category-nyland","tag-gemenskap","tag-lekplats"],"_links":{"self":[{"href":"https:\/\/www.itukylat.fi\/sv\/wp-json\/wp\/v2\/posts\/4089","targetHints":{"allow":["GET"]}}],"collection":[{"href":"https:\/\/www.itukylat.fi\/sv\/wp-json\/wp\/v2\/posts"}],"about":[{"href":"https:\/\/www.itukylat.fi\/sv\/wp-json\/wp\/v2\/types\/post"}],"author":[{"embeddable":true,"href":"https:\/\/www.itukylat.fi\/sv\/wp-json\/wp\/v2\/users\/2"}],"replies":[{"embeddable":true,"href":"https:\/\/www.itukylat.fi\/sv\/wp-json\/wp\/v2\/comments?post=4089"}],"version-history":[{"count":1,"href":"https:\/\/www.itukylat.fi\/sv\/wp-json\/wp\/v2\/posts\/4089\/revisions"}],"predecessor-version":[{"id":4090,"href":"https:\/\/www.itukylat.fi\/sv\/wp-json\/wp\/v2\/posts\/4089\/revisions\/4090"}],"wp:featuredmedia":[{"embeddable":true,"href":"https:\/\/www.itukylat.fi\/sv\/wp-json\/wp\/v2\/media\/4085"}],"wp:attachment":[{"href":"https:\/\/www.itukylat.fi\/sv\/wp-json\/wp\/v2\/media?parent=4089"}],"wp:term":[{"taxonomy":"category","embeddable":true,"href":"https:\/\/www.itukylat.fi\/sv\/wp-json\/wp\/v2\/categories?post=4089"},{"taxonomy":"post_tag","embeddable":true,"href":"https:\/\/www.itukylat.fi\/sv\/wp-json\/wp\/v2\/tags?post=4089"}],"curies":[{"name":"wp","href":"https:\/\/api.w.org\/{rel}","templated":true}]}}