{"id":3287,"date":"2019-05-21T19:00:46","date_gmt":"2019-05-21T16:00:46","guid":{"rendered":"https:\/\/www.itukylat.fi\/?p=3287"},"modified":"2019-05-21T12:28:42","modified_gmt":"2019-05-21T09:28:42","slug":"kerko-i-borga-ar-arets-silmu-by-2019","status":"publish","type":"post","link":"https:\/\/www.itukylat.fi\/sv\/blog\/kerko-i-borga-ar-arets-silmu-by-2019\/","title":{"rendered":"Kerko i Borg\u00e5 \u00e4r \u00e5rets SILMU by 2019"},"content":{"rendered":"<p>Med valet av \u00e5rets by vill Silmu-byar lyfta fram byarnas m\u00e5ngsidighet, \u00f6ka k\u00e4nnedomen om byaverksamheten, samt ge goda exempel p\u00e5 hur man sj\u00e4lv kan utveckla och f\u00f6rverkliga saker.<\/p>\n<p>T\u00e4vlingen var \u00f6ppen 7.-29.3 och vem som helst, privatperson eller f\u00f6rening, kunde f\u00f6resl\u00e5 kandidater till \u00e5rets by. I \u00e5r f\u00e4ste juryn uppm\u00e4rksamhet speciellt p\u00e5 hur planm\u00e4ssig verksamheten \u00e4r i byn och hur byn och inv\u00e5narna har lyckats med att utveckla det egna omr\u00e5dets n\u00e4rservice och n\u00e4ringar. Vinnaren publicerades och Kerko by bel\u00f6nades 21.5 i samband med Utvecklingsf\u00f6rening Silmu rf:s v\u00e5rm\u00f6te i Sibbo.<\/p>\n<h4>Motiveringar till valet<\/h4>\n<p>Kerko by g\u00f6r ett utm\u00e4rkt och planm\u00e4ssigt utvecklingsarbete som siktar p\u00e5 framtiden f\u00f6r att bevara servicen och m\u00f6jligheterna att ut\u00f6va olika fritidssyssels\u00e4ttningar i byn. Byn har gjort upp tv\u00e5 byaplaner: den f\u00f6rsta betonade byns historia och upptecknande av den samt kartl\u00e4ggning av nul\u00e4get, den andra byaplanens tyngdpunkt var servicen i byn och kulminerar nu n\u00e4r det byggs nya skolutrymmen. Avsikten \u00e4r att byn g\u00f6r upp en tredje byaplan vars tyngdpunktsomr\u00e5den planeras vara befr\u00e4mjandet av trygghet och v\u00e4lm\u00e5ga f\u00f6r bybor i alla \u00e5ldrar.<\/p>\n<p>F\u00f6reningar och bybor har aktivt deltagit i utvecklandet av n\u00e4rservicen och n\u00e4ringarna p\u00e5 sitt eget omr\u00e5de, samt gynnat boende p\u00e5 landsbygden bl. a. genom att grunda andelslaget Kerkkoon palveluosuuskunta. Kioski &amp; Kahvila Pumppaamo har fungerat redan i fem \u00e5rs tid och p\u00e5 samma tomt finns ocks\u00e5 ett st\u00e4lle att tv\u00e4tta mattor p\u00e5 samt en ekopunkt som \u00e4r f\u00f6rverkligade i samarbete med staden. Dessutom finns d\u00e4r en spelplan, trafikpark och kanotbrygga som byborna sj\u00e4lva har \u00e5stadkommit.<\/p>\n<p>Kerko har en egen skola, och tack vare att byborna aktivt f\u00f6rsvarade den, kan den forts\u00e4tta sin verksamhet. Borg\u00e5 stad satsar p\u00e5 skolservicen i byn genom att bygga en ny skolbyggnad 2019.<\/p>\n<p>Det arrangeras \u00e4ven \u00e5rligen m\u00e5nga evenemang i byn, bland annat h\u00f6stmarknad, ungdomscaf\u00e9, st\u00e4dning av v\u00e4grenar, h\u00f6st- och v\u00e5r soar\u00e9, innebandy p\u00e5 familjespelplanen och mindre konserter i Pumppaamo. I byn g\u00f6rs det mycket framg\u00e5ngsrikt samarbete mellan olika f\u00f6reningar, organisationer, f\u00f6retag, f\u00f6rsamlingen och staden f\u00f6r att f\u00f6rverkliga gemensamma angel\u00e4genheter.<\/p>\n<p>Kerko kandiderar ocks\u00e5 f\u00f6r titeln \u00e5rets by i t\u00e4vlingen som arrangeras av Finland Byar rf. \u00c5rets nationella by publiceras och premieras p\u00e5 lokalutvecklarnas Lokaali \u2013evenemang 25.8 i Kauhava.<\/p>\n<p>\u201dVi \u00e4r mycket stolta \u00f6ver v\u00e5r Pumppaamo, fast\u00e4n uppr\u00e4tth\u00e5llandet av kiosk-caf\u00e9t kr\u00e4ver mycket arbete. Byborna orkar delta och uppmuntra oss ocks\u00e5 i den h\u00e4r saken. Vi \u00e4r ocks\u00e5 glada \u00f6ver att skolan kommer att finnas kvar i Kerko, den h\u00e5ller byn livsduglig. N\u00e4r man lyckas med s\u00e5dana h\u00e4r projekt, ger det f\u00f6rtroende f\u00f6r att vi ocks\u00e5 i forts\u00e4ttningen tillsammans f\u00e5r till st\u00e5nd viktiga saker\u201d s\u00e4ger byaf\u00f6reningens ordf\u00f6rande Paula Teinonen-Lahti.<\/p>\n","protected":false},"excerpt":{"rendered":"<p>Med valet av \u00e5rets by vill Silmu-byar lyfta fram byarnas m\u00e5ngsidighet, \u00f6ka k\u00e4nnedomen om byaverksamheten, samt ge goda exempel p\u00e5 hur man sj\u00e4lv kan utveckla och f\u00f6rverkliga saker. T\u00e4vlingen var \u00f6ppen 7.-29.3 och vem som helst, privatperson eller f\u00f6rening, kunde f\u00f6resl\u00e5 kandidater till \u00e5rets by. I \u00e5r f\u00e4ste juryn uppm\u00e4rksamhet speciellt p\u00e5 hur planm\u00e4ssig verksamheten [&hellip;]<\/p>\n","protected":false},"author":2,"featured_media":3283,"comment_status":"closed","ping_status":"closed","sticky":false,"template":"","format":"standard","meta":{"footnotes":""},"categories":[17,12,58,56],"tags":[59],"class_list":["post-3287","post","type-post","status-publish","format-standard","has-post-thumbnail","hentry","category-aktuellt-fi","category-allman-sv","category-byar","category-byaverksamhet","tag-arets-by"],"_links":{"self":[{"href":"https:\/\/www.itukylat.fi\/sv\/wp-json\/wp\/v2\/posts\/3287","targetHints":{"allow":["GET"]}}],"collection":[{"href":"https:\/\/www.itukylat.fi\/sv\/wp-json\/wp\/v2\/posts"}],"about":[{"href":"https:\/\/www.itukylat.fi\/sv\/wp-json\/wp\/v2\/types\/post"}],"author":[{"embeddable":true,"href":"https:\/\/www.itukylat.fi\/sv\/wp-json\/wp\/v2\/users\/2"}],"replies":[{"embeddable":true,"href":"https:\/\/www.itukylat.fi\/sv\/wp-json\/wp\/v2\/comments?post=3287"}],"version-history":[{"count":1,"href":"https:\/\/www.itukylat.fi\/sv\/wp-json\/wp\/v2\/posts\/3287\/revisions"}],"predecessor-version":[{"id":3288,"href":"https:\/\/www.itukylat.fi\/sv\/wp-json\/wp\/v2\/posts\/3287\/revisions\/3288"}],"wp:featuredmedia":[{"embeddable":true,"href":"https:\/\/www.itukylat.fi\/sv\/wp-json\/wp\/v2\/media\/3283"}],"wp:attachment":[{"href":"https:\/\/www.itukylat.fi\/sv\/wp-json\/wp\/v2\/media?parent=3287"}],"wp:term":[{"taxonomy":"category","embeddable":true,"href":"https:\/\/www.itukylat.fi\/sv\/wp-json\/wp\/v2\/categories?post=3287"},{"taxonomy":"post_tag","embeddable":true,"href":"https:\/\/www.itukylat.fi\/sv\/wp-json\/wp\/v2\/tags?post=3287"}],"curies":[{"name":"wp","href":"https:\/\/api.w.org\/{rel}","templated":true}]}}